{"id":5199,"date":"2025-07-25T15:25:03","date_gmt":"2025-07-25T13:25:03","guid":{"rendered":"https:\/\/gyulaimemorial.hu\/?p=5199"},"modified":"2025-07-25T15:25:03","modified_gmt":"2025-07-25T13:25:03","slug":"tokyo-olympic-champion-joins-the-line-up-at-the-gyulai-istvan-memorial","status":"publish","type":"post","link":"https:\/\/gyulaimemorial.hu\/en\/news\/tokyo-olympic-champion-joins-the-line-up-at-the-gyulai-istvan-memorial\/","title":{"rendered":"Tokyo Olympic Champion joins the line-up at the Gyulai Istv\u00e1n Memorial"},"content":{"rendered":"<p>More athletics stars are set to shine at the Gyulai Istv\u00e1n Memorial! As part of the World Athletics Continental Tour Gold series, the prestigious meet will take place on August 12 at the National Athletic Center in Budapest. Organizers have announced the addition of several world-class athletes to an already stellar line-up.<\/p>\n<p>Let\u2019s start with a true Olympic champion: among the competitors we will welcome Jamaica\u2019s <strong>Hansle Parchment<\/strong>, gold medallist in the men\u2019s 110m hurdles at the Tokyo Olympics and one of the discipline\u2019s most iconic figures. He will be joined by fellow Jamaican <strong>Wayne Pinnock<\/strong>, Olympic and World silver medallist in the long jump. In pole vault, the Philippines\u2019 World silver medallist <strong>Ernest John Obiena<\/strong> is also set to compete.<\/p>\n<p>The women\u2019s 400m hurdles field &#8211; already among the event\u2019s highlights &#8211; has been further strengthened with the confirmation of Jamaica\u2019s <strong>Rushell Clayton<\/strong>, a two-time World bronze medallist. Hungarian fans will also have someone to cheer for, as Universiade bronze medallist <strong>S\u00e1ra M\u00e1t\u00f3<\/strong> is set to represent the host nation.<\/p>\n<p>Staying with women\u2019s hurdles events, the 100m hurdles will feature two-time European Indoor Champion <strong>Nadine Visser<\/strong> of the Netherlands. In the 200m, Great Britain\u2019s European silver medallist <strong>Daryll Neita<\/strong> aims to deliver a standout performance, while in the 1500m, North and Central American champion <strong>Heather MacLean<\/strong> is expected to make a strong impact. And in the women\u2019s long jump, yet another Olympic medallist will be in action: two-time Olympic bronze medallist <strong>Jasmine Moore<\/strong> of the USA will compete in the field.<\/p>\n<p>Less than three weeks to go &#8211; and the legend continues!<\/p>\n<p>Tickets are available via <a href=\"https:\/\/www.eventim.hu\/hu\/jegyek\/gyulai-istvan-memorial-budapest-nemzeti-atletikai-koezpont-670443\/event.html\"><strong>Eventim<\/strong><\/a>.<\/p>\n","protected":false},"excerpt":{"rendered":"<p>More athletics stars are set to shine at the Gyulai Istv\u00e1n Memorial! As part of the World Athletics Continental Tour Gold series, the prestigious meet will take place on August 12 at the National Athletic Center in Budapest. Organizers have announced the addition of several world-class athletes to an already stellar line-up. Let\u2019s start with [&hellip;]<\/p>\n","protected":false},"author":8,"featured_media":5197,"comment_status":"open","ping_status":"open","sticky":false,"template":"","format":"standard","meta":[],"categories":[21],"tags":[],"acf":[],"_links":{"self":[{"href":"https:\/\/gyulaimemorial.hu\/en\/wp-json\/wp\/v2\/posts\/5199"}],"collection":[{"href":"https:\/\/gyulaimemorial.hu\/en\/wp-json\/wp\/v2\/posts"}],"about":[{"href":"https:\/\/gyulaimemorial.hu\/en\/wp-json\/wp\/v2\/types\/post"}],"author":[{"embeddable":true,"href":"https:\/\/gyulaimemorial.hu\/en\/wp-json\/wp\/v2\/users\/8"}],"replies":[{"embeddable":true,"href":"https:\/\/gyulaimemorial.hu\/en\/wp-json\/wp\/v2\/comments?post=5199"}],"version-history":[{"count":1,"href":"https:\/\/gyulaimemorial.hu\/en\/wp-json\/wp\/v2\/posts\/5199\/revisions"}],"predecessor-version":[{"id":5200,"href":"https:\/\/gyulaimemorial.hu\/en\/wp-json\/wp\/v2\/posts\/5199\/revisions\/5200"}],"wp:featuredmedia":[{"embeddable":true,"href":"https:\/\/gyulaimemorial.hu\/en\/wp-json\/wp\/v2\/media\/5197"}],"wp:attachment":[{"href":"https:\/\/gyulaimemorial.hu\/en\/wp-json\/wp\/v2\/media?parent=5199"}],"wp:term":[{"taxonomy":"category","embeddable":true,"href":"https:\/\/gyulaimemorial.hu\/en\/wp-json\/wp\/v2\/categories?post=5199"},{"taxonomy":"post_tag","embeddable":true,"href":"https:\/\/gyulaimemorial.hu\/en\/wp-json\/wp\/v2\/tags?post=5199"}],"curies":[{"name":"wp","href":"https:\/\/api.w.org\/{rel}","templated":true}]}}